{"id":32513,"date":"2026-09-01T16:39:42","date_gmt":"2026-09-01T19:39:42","guid":{"rendered":"https:\/\/redraes.org\/o-que-disseram-sobre-o-encontro-da-raes-em-honduras\/"},"modified":"2026-09-01T16:47:05","modified_gmt":"2026-09-01T19:47:05","slug":"o-que-disseram-sobre-o-encontro-da-raes-em-honduras","status":"publish","type":"post","link":"https:\/\/redraes.org\/pt-br\/o-que-disseram-sobre-o-encontro-da-raes-em-honduras\/","title":{"rendered":"O que foi falado sobre o Encontro da RAES em Honduras?"},"content":{"rendered":"\n<p class=\"wp-block-paragraph\"><em>Encontro da RAES em Comayagua, Honduras, ganha alcance na imprensa e junto aos governos da Am\u00e9rica Latina e do Caribe<\/em>. <\/p>\n\n\n\n<p class=\"wp-block-paragraph\">Paulo Beraldo<\/p>\n\n\n\n<p class=\"wp-block-paragraph\"><strong>Comayagua, Honduras, 31 de agosto de 2026<\/strong> \u2013 O Encontro da Rede de Alimenta\u00e7\u00e3o Escolar Sustent\u00e1vel (RAES), realizado em Honduras, teve ampla repercuss\u00e3o nos meios de comunica\u00e7\u00e3o da regi\u00e3o. A cobertura do evento alcan\u00e7ou quase <strong>40 ve\u00edculos de imprensa nacionais e internacionais<\/strong>, com not\u00edcias, entrevistas e reportagens sobre os avan\u00e7os e compromissos assumidos pelos pa\u00edses para fortalecer os programas de alimenta\u00e7\u00e3o escolar.<\/p>\n\n\n\n<p class=\"wp-block-paragraph\">A <strong>visibilidade do encontro tamb\u00e9m ultrapassou os meios de comunica\u00e7\u00e3o<\/strong>. Os conte\u00fados e as mensagens da RAES foram divulgados e repercutidos por <strong>institui\u00e7\u00f5es e autoridades governamentais dos pa\u00edses participantes<\/strong>, ampliando o alcance da agenda regional e refor\u00e7ando seu posicionamento nas pol\u00edticas p\u00fablicas de alimenta\u00e7\u00e3o escolar. <\/p>\n\n\n\n<figure class=\"wp-block-image size-large\"><img loading=\"lazy\" decoding=\"async\" width=\"1024\" height=\"387\" src=\"https:\/\/redraes.org\/wp-content\/uploads\/2026\/09\/image-20-1024x387.png\" alt=\"\" class=\"wp-image-32518\" srcset=\"https:\/\/redraes.org\/wp-content\/uploads\/2026\/09\/image-20-1024x387.png 1024w, https:\/\/redraes.org\/wp-content\/uploads\/2026\/09\/image-20-300x114.png 300w, https:\/\/redraes.org\/wp-content\/uploads\/2026\/09\/image-20-766x290.png 766w, https:\/\/redraes.org\/wp-content\/uploads\/2026\/09\/image-20.png 1028w\" sizes=\"auto, (max-width: 1024px) 100vw, 1024px\" \/><\/figure>\n\n\n\n<p class=\"wp-block-paragraph\">Durante a abertura, o encontro reuniu mais de 150 participantes, entre o presidente de Honduras, Nasry Asfura, ministros, como Fatima Juarez, da Secretaria de Desenvolvimento Social (SEDESOL), autoridades governamentais, representantes de 17 pa\u00edses membros da RAES, organismos internacionais, institui\u00e7\u00f5es parceiras e meios de comunica\u00e7\u00e3o de Honduras e de outros pa\u00edses da regi\u00e3o.<\/p>\n\n\n\n<p class=\"wp-block-paragraph\">O encontro em Comayagua foi organizado conjuntamente pela Organiza\u00e7\u00e3o das Na\u00e7\u00f5es Unidas para a Alimenta\u00e7\u00e3o e a Agricultura (FAO) e pelo Governo do Brasil, por meio da Ag\u00eancia Brasileira de Coopera\u00e7\u00e3o do Minist\u00e9rio das Rela\u00e7\u00f5es Exteriores (ABC\/MRE) e do Fundo Nacional de Desenvolvimento da Educa\u00e7\u00e3o (FNDE), com o Governo de Honduras como anfitri\u00e3o, por meio da Secretaria de Desenvolvimento Social (SEDESOL).<\/p>\n\n\n\n<p class=\"wp-block-paragraph\">A ampla visibilidade foi fruto da parceria entre a RAES, a FAO, a FAO em Honduras e o Governo de Honduras.<\/p>\n\n\n\n<p class=\"wp-block-paragraph\"><strong>Entre os principais destaques da cobertura, est\u00e3o:<\/strong><\/p>\n\n\n\n<ul class=\"wp-block-list\">\n<li><strong>Cobertura cont\u00ednua:<\/strong> o tema permaneceu em destaque nos meios de comunica\u00e7\u00e3o hondurenhos por mais de uma semana, desde o an\u00fancio da sede at\u00e9 as not\u00edcias de encerramento e balan\u00e7o do encontro.<\/li>\n\n\n\n<li><strong>Reconhecimento dos organizadores:<\/strong> a maioria das mat\u00e9rias registrou corretamente o n\u00famero de 80 milh\u00f5es de estudantes beneficiados na regi\u00e3o e a atua\u00e7\u00e3o conjunta da FAO, do Governo do Brasil e de Honduras.<\/li>\n\n\n\n<li><strong>Efeito multiplicador regional:<\/strong> Bol\u00edvia, Paraguai e Uruguai utilizaram o encontro para refor\u00e7ar mensagens sobre seus pr\u00f3prios programas nacionais, ampliando o alcance de seu trabalho e da RAES.<\/li>\n\n\n\n<li><strong>Destaque para o pescado na alimenta\u00e7\u00e3o escolar:<\/strong> o projeto de incorpora\u00e7\u00e3o do pescado \u00e0 alimenta\u00e7\u00e3o escolar recebeu cobertura pr\u00f3pria e diferenciada, com pelo menos seis mat\u00e9rias espec\u00edficas.<\/li>\n<\/ul>\n\n\n\n<p class=\"wp-block-paragraph\"><strong>A seguir, confira uma sele\u00e7\u00e3o das principais not\u00edcias e repercuss\u00f5es do Encontro da RAES.<\/strong><\/p>\n\n\n\n<figure class=\"wp-block-image size-full\"><img loading=\"lazy\" decoding=\"async\" width=\"680\" height=\"469\" src=\"https:\/\/redraes.org\/wp-content\/uploads\/2026\/09\/image-4.png\" alt=\"\" class=\"wp-image-32478\" srcset=\"https:\/\/redraes.org\/wp-content\/uploads\/2026\/09\/image-4.png 680w, https:\/\/redraes.org\/wp-content\/uploads\/2026\/09\/image-4-300x207.png 300w\" sizes=\"auto, (max-width: 680px) 100vw, 680px\" \/><\/figure>\n\n\n\n<figure class=\"wp-block-image size-full\"><img loading=\"lazy\" decoding=\"async\" width=\"603\" height=\"570\" src=\"https:\/\/redraes.org\/wp-content\/uploads\/2026\/09\/image-5.png\" alt=\"\" class=\"wp-image-32479\" srcset=\"https:\/\/redraes.org\/wp-content\/uploads\/2026\/09\/image-5.png 603w, https:\/\/redraes.org\/wp-content\/uploads\/2026\/09\/image-5-300x284.png 300w\" sizes=\"auto, (max-width: 603px) 100vw, 603px\" \/><\/figure>\n\n\n\n<figure class=\"wp-block-image size-full\"><img loading=\"lazy\" decoding=\"async\" width=\"620\" height=\"210\" src=\"https:\/\/redraes.org\/wp-content\/uploads\/2026\/09\/image-6.png\" alt=\"\" class=\"wp-image-32480\" srcset=\"https:\/\/redraes.org\/wp-content\/uploads\/2026\/09\/image-6.png 620w, https:\/\/redraes.org\/wp-content\/uploads\/2026\/09\/image-6-300x102.png 300w\" sizes=\"auto, (max-width: 620px) 100vw, 620px\" \/><\/figure>\n\n\n\n<figure class=\"wp-block-image size-full\"><img loading=\"lazy\" decoding=\"async\" width=\"648\" height=\"279\" src=\"https:\/\/redraes.org\/wp-content\/uploads\/2026\/09\/image-7.png\" alt=\"\" class=\"wp-image-32481\" srcset=\"https:\/\/redraes.org\/wp-content\/uploads\/2026\/09\/image-7.png 648w, https:\/\/redraes.org\/wp-content\/uploads\/2026\/09\/image-7-300x129.png 300w\" sizes=\"auto, (max-width: 648px) 100vw, 648px\" \/><\/figure>\n\n\n\n<figure class=\"wp-block-image size-full\"><img loading=\"lazy\" decoding=\"async\" width=\"620\" height=\"520\" src=\"https:\/\/redraes.org\/wp-content\/uploads\/2026\/09\/image-8-edited.png\" alt=\"\" class=\"wp-image-32494\" srcset=\"https:\/\/redraes.org\/wp-content\/uploads\/2026\/09\/image-8-edited.png 620w, https:\/\/redraes.org\/wp-content\/uploads\/2026\/09\/image-8-edited-300x252.png 300w\" sizes=\"auto, (max-width: 620px) 100vw, 620px\" \/><\/figure>\n\n\n\n<figure class=\"wp-block-image size-full\"><img loading=\"lazy\" decoding=\"async\" width=\"628\" height=\"162\" src=\"https:\/\/redraes.org\/wp-content\/uploads\/2026\/09\/image-9.png\" alt=\"\" class=\"wp-image-32483\" srcset=\"https:\/\/redraes.org\/wp-content\/uploads\/2026\/09\/image-9.png 628w, https:\/\/redraes.org\/wp-content\/uploads\/2026\/09\/image-9-300x77.png 300w\" sizes=\"auto, (max-width: 628px) 100vw, 628px\" \/><\/figure>\n\n\n\n<figure class=\"wp-block-image size-full\"><img loading=\"lazy\" decoding=\"async\" width=\"655\" height=\"193\" src=\"https:\/\/redraes.org\/wp-content\/uploads\/2026\/09\/image-10.png\" alt=\"\" class=\"wp-image-32484\" srcset=\"https:\/\/redraes.org\/wp-content\/uploads\/2026\/09\/image-10.png 655w, https:\/\/redraes.org\/wp-content\/uploads\/2026\/09\/image-10-300x88.png 300w\" sizes=\"auto, (max-width: 655px) 100vw, 655px\" \/><\/figure>\n\n\n\n<figure class=\"wp-block-image size-full\"><img loading=\"lazy\" decoding=\"async\" width=\"602\" height=\"604\" src=\"https:\/\/redraes.org\/wp-content\/uploads\/2026\/09\/image-11.png\" alt=\"\" class=\"wp-image-32485\" srcset=\"https:\/\/redraes.org\/wp-content\/uploads\/2026\/09\/image-11.png 602w, https:\/\/redraes.org\/wp-content\/uploads\/2026\/09\/image-11-150x150.png 150w, https:\/\/redraes.org\/wp-content\/uploads\/2026\/09\/image-11-299x300.png 299w\" sizes=\"auto, (max-width: 602px) 100vw, 602px\" \/><\/figure>\n\n\n\n<figure class=\"wp-block-image size-full\"><img loading=\"lazy\" decoding=\"async\" width=\"564\" height=\"458\" src=\"https:\/\/redraes.org\/wp-content\/uploads\/2026\/09\/image-12.png\" alt=\"\" class=\"wp-image-32486\" srcset=\"https:\/\/redraes.org\/wp-content\/uploads\/2026\/09\/image-12.png 564w, https:\/\/redraes.org\/wp-content\/uploads\/2026\/09\/image-12-300x244.png 300w\" sizes=\"auto, (max-width: 564px) 100vw, 564px\" \/><\/figure>\n\n\n\n<figure class=\"wp-block-image size-full\"><img loading=\"lazy\" decoding=\"async\" width=\"604\" height=\"509\" src=\"https:\/\/redraes.org\/wp-content\/uploads\/2026\/09\/image-13.png\" alt=\"\" class=\"wp-image-32487\" srcset=\"https:\/\/redraes.org\/wp-content\/uploads\/2026\/09\/image-13.png 604w, https:\/\/redraes.org\/wp-content\/uploads\/2026\/09\/image-13-300x253.png 300w\" sizes=\"auto, (max-width: 604px) 100vw, 604px\" \/><\/figure>\n\n\n\n<figure class=\"wp-block-image size-full\"><img loading=\"lazy\" decoding=\"async\" width=\"590\" height=\"377\" src=\"https:\/\/redraes.org\/wp-content\/uploads\/2026\/09\/image-14.png\" alt=\"\" class=\"wp-image-32488\" srcset=\"https:\/\/redraes.org\/wp-content\/uploads\/2026\/09\/image-14.png 590w, https:\/\/redraes.org\/wp-content\/uploads\/2026\/09\/image-14-300x192.png 300w\" sizes=\"auto, (max-width: 590px) 100vw, 590px\" \/><\/figure>\n\n\n\n<figure class=\"wp-block-image size-full\"><img loading=\"lazy\" decoding=\"async\" width=\"595\" height=\"538\" src=\"https:\/\/redraes.org\/wp-content\/uploads\/2026\/09\/image-15.png\" alt=\"\" class=\"wp-image-32489\" srcset=\"https:\/\/redraes.org\/wp-content\/uploads\/2026\/09\/image-15.png 595w, https:\/\/redraes.org\/wp-content\/uploads\/2026\/09\/image-15-300x271.png 300w\" sizes=\"auto, (max-width: 595px) 100vw, 595px\" \/><\/figure>\n\n\n\n<figure class=\"wp-block-image size-full\"><img loading=\"lazy\" decoding=\"async\" width=\"584\" height=\"371\" src=\"https:\/\/redraes.org\/wp-content\/uploads\/2026\/09\/image-16.png\" alt=\"\" class=\"wp-image-32490\" srcset=\"https:\/\/redraes.org\/wp-content\/uploads\/2026\/09\/image-16.png 584w, https:\/\/redraes.org\/wp-content\/uploads\/2026\/09\/image-16-300x191.png 300w\" sizes=\"auto, (max-width: 584px) 100vw, 584px\" \/><\/figure>\n\n\n\n<figure class=\"wp-block-image size-full\"><img loading=\"lazy\" decoding=\"async\" width=\"601\" height=\"652\" src=\"https:\/\/redraes.org\/wp-content\/uploads\/2026\/09\/image-17.png\" alt=\"\" class=\"wp-image-32491\" srcset=\"https:\/\/redraes.org\/wp-content\/uploads\/2026\/09\/image-17.png 601w, https:\/\/redraes.org\/wp-content\/uploads\/2026\/09\/image-17-277x300.png 277w\" sizes=\"auto, (max-width: 601px) 100vw, 601px\" \/><\/figure>\n","protected":false},"excerpt":{"rendered":"<p>Encontro da RAES em Comayagua, Honduras, ganha alcance na imprensa e junto aos governos da Am\u00e9rica Latina e do Caribe. Paulo Beraldo Comayagua, Honduras, 31 de agosto de 2026 \u2013 O Encontro da Rede de Alimenta\u00e7\u00e3o Escolar Sustent\u00e1vel (RAES), realizado em Honduras, teve ampla repercuss\u00e3o nos meios de comunica\u00e7\u00e3o da regi\u00e3o. A cobertura do evento [&hellip;]<\/p>\n","protected":false},"author":6,"featured_media":32512,"comment_status":"open","ping_status":"open","sticky":false,"template":"","format":"standard","meta":{"footnotes":""},"categories":[80,91,324],"tags":[],"class_list":["post-32513","post","type-post","status-publish","format-standard","has-post-thumbnail","hentry","category-nao-categorizado","category-noticias","category-noticias-principais"],"_links":{"self":[{"href":"https:\/\/redraes.org\/pt-br\/wp-json\/wp\/v2\/posts\/32513","targetHints":{"allow":["GET"]}}],"collection":[{"href":"https:\/\/redraes.org\/pt-br\/wp-json\/wp\/v2\/posts"}],"about":[{"href":"https:\/\/redraes.org\/pt-br\/wp-json\/wp\/v2\/types\/post"}],"author":[{"embeddable":true,"href":"https:\/\/redraes.org\/pt-br\/wp-json\/wp\/v2\/users\/6"}],"replies":[{"embeddable":true,"href":"https:\/\/redraes.org\/pt-br\/wp-json\/wp\/v2\/comments?post=32513"}],"version-history":[{"count":4,"href":"https:\/\/redraes.org\/pt-br\/wp-json\/wp\/v2\/posts\/32513\/revisions"}],"predecessor-version":[{"id":32521,"href":"https:\/\/redraes.org\/pt-br\/wp-json\/wp\/v2\/posts\/32513\/revisions\/32521"}],"wp:featuredmedia":[{"embeddable":true,"href":"https:\/\/redraes.org\/pt-br\/wp-json\/wp\/v2\/media\/32512"}],"wp:attachment":[{"href":"https:\/\/redraes.org\/pt-br\/wp-json\/wp\/v2\/media?parent=32513"}],"wp:term":[{"taxonomy":"category","embeddable":true,"href":"https:\/\/redraes.org\/pt-br\/wp-json\/wp\/v2\/categories?post=32513"},{"taxonomy":"post_tag","embeddable":true,"href":"https:\/\/redraes.org\/pt-br\/wp-json\/wp\/v2\/tags?post=32513"}],"curies":[{"name":"wp","href":"https:\/\/api.w.org\/{rel}","templated":true}]}}